{"id":10523,"date":"2018-06-20T11:53:29","date_gmt":"2018-06-20T09:53:29","guid":{"rendered":"http:\/\/cafaitdesordre.com\/blog\/?p=10523"},"modified":"2018-08-31T19:18:47","modified_gmt":"2018-08-31T17:18:47","slug":"devoir-de-memoire","status":"publish","type":"post","link":"http:\/\/cafaitdesordre.com\/blog\/2018\/06\/devoir-de-memoire\/","title":{"rendered":"DEVOIR DE MEMOIRE"},"content":{"rendered":"<p><strong>\u00a0<\/strong><\/p>\n<p>Quand la m\u00e9moire devient devoir<\/p>\n<p>Je suis comme un lyc\u00e9en qui, le dimanche,<\/p>\n<p>S\u00e8che devant sa page blanche<\/p>\n<p>Maudite est la dissertation<\/p>\n<p>Le sujet\u00a0?\u00a0 \u00ab\u00a0Com\u2019 , m\u00e9mos, rations\u00a0\u00bb<\/p>\n<p>Et puis voil\u00e0 que les id\u00e9es lui viennent<\/p>\n<p>Et qu\u2019il se met \u00e0 lister toutes ces m\u00e9moires en concurrence<\/p>\n<p>Certaines pesant plus lourd sur la balance<\/p>\n<p>Mais jusqu\u2019o\u00f9 remonter le temps<\/p>\n<p>De la comptabilit\u00e9 des massacres et des traites n\u00e9gri\u00e8res\u00a0?<\/p>\n<p>Celles d\u2019avant les Am\u00e9riques<\/p>\n<p>Quand les Chefs Maures asservissaient<\/p>\n<p>Le bois d\u2019\u00e9b\u00e8ne sans vergogne<\/p>\n<p>Faut-il aussi bl\u00e2mer les Romains<\/p>\n<p>D\u2019avoir si bien acclimat\u00e9 leurs vins<\/p>\n<p>Sous nos climats<\/p>\n<p>Que l\u2019alcool est devenu, en France, la cause premi\u00e8re des accidents mortels\u00a0?<\/p>\n<p>Et pourquoi pas accuser Romulus<\/p>\n<p>D\u2019avoir viol\u00e9 Margot la gironde<\/p>\n<p>La belle Gauloise aux tresses blondes<\/p>\n<p>Ravie pourtant d\u2019avoir enfin<\/p>\n<p>Un beau b\u00e9b\u00e9 tout brun<\/p>\n<p>Quand la m\u00e9moire devient devoir<\/p>\n<p>J\u2019ai le cafard face aux armoires<\/p>\n<p>Et si le devoir de m\u00e9moire c\u2019est dire \u00ab\u00a0plus jamais \u00e7a\u00a0\u00bb<\/p>\n<p>Alors que faire des massacres quotidiens<\/p>\n<p>Dont nous sommes les t\u00e9moins\u00a0?<\/p>\n<p>Que faire de ce devoir qui se transforme en pensum\u00a0?<\/p>\n<p>Que l\u2019on nous rebat comme pl\u00e2tre<\/p>\n<p>Sous-pr\u00e9texte qu\u2019il nous vaccinerait<\/p>\n<p>A jamais<\/p>\n<p>Contre le fiel des idol\u00e2tres<\/p>\n<p>J\u2019avoue mon\u00a0 impuissance.\u00a0 Je ne sais pas<\/p>\n<p>Alors je me prends \u00e0 r\u00eaver d\u2019une m\u00e9lodie<\/p>\n<p>Bleue comme une agate qui roule dans la ruelle<\/p>\n<p>Belle comme l\u2019insouciance des enfants en juillet<\/p>\n<p>Bleue comme la peur de la premi\u00e8re fois<\/p>\n<p>Qu\u2019on se l\u00e8ve pour protester<\/p>\n<p>Qu\u2019il faudra bien nous lib\u00e9rer<\/p>\n<p>Du poids de la culpabilit\u00e9<\/p>\n<p>De n\u2019avoir rien fait d\u2019autre de nos vies<\/p>\n<p>Que de chanter comme un oiseau sur la branche du peuplier\u2026<\/p>\n<p>A propos pourquoi ne parle t-on jamais du devoir d\u2019oubli\u00a0?<\/p>\n<p>D\u2019autant que quand la m\u00e9moire est satur\u00e9e le cerveau fait le tri<\/p>\n<p>Et transf\u00e8re les donn\u00e9es sauvegard\u00e9es sur un nuage de po\u00e9sie.<\/p>\n<p>&nbsp;<\/p>\n<p>MICHEL DREANO<\/p>\n<p><strong>\u00a0<\/strong><\/p>\n<p><strong>\u00a0<\/strong><\/p>\n","protected":false},"excerpt":{"rendered":"<p>\u00a0 Quand la m\u00e9moire devient devoir Je suis comme un lyc\u00e9en qui, le dimanche, S\u00e8che devant sa page blanche Maudite est la dissertation Le sujet\u00a0?\u00a0 \u00ab\u00a0Com\u2019 , m\u00e9mos, rations\u00a0\u00bb Et puis voil\u00e0 que les id\u00e9es lui viennent Et qu\u2019il se met \u00e0 lister toutes ces m\u00e9moires en concurrence Certaines pesant plus lourd sur la balance [&hellip;]<\/p>\n","protected":false},"author":1,"featured_media":10663,"comment_status":"open","ping_status":"open","sticky":false,"template":"","format":"standard","meta":[],"categories":[705,718,702],"tags":[1488,305],"_links":{"self":[{"href":"http:\/\/cafaitdesordre.com\/blog\/wp-json\/wp\/v2\/posts\/10523"}],"collection":[{"href":"http:\/\/cafaitdesordre.com\/blog\/wp-json\/wp\/v2\/posts"}],"about":[{"href":"http:\/\/cafaitdesordre.com\/blog\/wp-json\/wp\/v2\/types\/post"}],"author":[{"embeddable":true,"href":"http:\/\/cafaitdesordre.com\/blog\/wp-json\/wp\/v2\/users\/1"}],"replies":[{"embeddable":true,"href":"http:\/\/cafaitdesordre.com\/blog\/wp-json\/wp\/v2\/comments?post=10523"}],"version-history":[{"count":2,"href":"http:\/\/cafaitdesordre.com\/blog\/wp-json\/wp\/v2\/posts\/10523\/revisions"}],"predecessor-version":[{"id":10526,"href":"http:\/\/cafaitdesordre.com\/blog\/wp-json\/wp\/v2\/posts\/10523\/revisions\/10526"}],"wp:featuredmedia":[{"embeddable":true,"href":"http:\/\/cafaitdesordre.com\/blog\/wp-json\/wp\/v2\/media\/10663"}],"wp:attachment":[{"href":"http:\/\/cafaitdesordre.com\/blog\/wp-json\/wp\/v2\/media?parent=10523"}],"wp:term":[{"taxonomy":"category","embeddable":true,"href":"http:\/\/cafaitdesordre.com\/blog\/wp-json\/wp\/v2\/categories?post=10523"},{"taxonomy":"post_tag","embeddable":true,"href":"http:\/\/cafaitdesordre.com\/blog\/wp-json\/wp\/v2\/tags?post=10523"}],"curies":[{"name":"wp","href":"https:\/\/api.w.org\/{rel}","templated":true}]}}