{"id":10483,"date":"2018-04-06T08:23:29","date_gmt":"2018-04-06T06:23:29","guid":{"rendered":"http:\/\/cafaitdesordre.com\/blog\/?p=10483"},"modified":"2018-07-07T23:19:23","modified_gmt":"2018-07-07T21:19:23","slug":"il-y-a-quelques-chose-de-pourri-au-royaume-de-danemark","status":"publish","type":"post","link":"http:\/\/cafaitdesordre.com\/blog\/2018\/04\/il-y-a-quelques-chose-de-pourri-au-royaume-de-danemark\/","title":{"rendered":"Il y a quelques chose de pourri au royaume de Danemark&#8230;"},"content":{"rendered":"<p><span style=\"color: #000000;\"><span style=\"font-family: Helvetica, serif;\"><span style=\"font-size: small;\">\u00a0<\/span><\/span><\/span><\/p>\n<p><span style=\"color: #000000;\"><span style=\"font-family: Helvetica, serif;\"><span style=\"font-size: small;\">Un g\u00e9nocide peut-il faire l\u2019objet d\u2019une fiction? <\/span><\/span><\/span><span style=\"color: #000000;\"><span style=\"font-family: Helvetica, serif;\"><span style=\"font-size: small;\">A cette question nous aurons le plus grand mal \u00e0 r\u00e9pondre. <\/span><\/span><\/span><\/p>\n<p><span style=\"color: #000000;\"><span style=\"font-family: Helvetica, serif;\"><span style=\"font-size: small;\">Le g\u00e9nocide est l\u2019acte inhumain absolu. Ceux qui lui \u00e9chappent sont sans doute pire que morts, \u00e0 tort ou \u00e0 raison comptables de cette n\u00e9gation de la vie. Nous qui n\u2019avons pas \u00e9t\u00e9 pr\u00e9sents sur le th\u00e9\u00e2tre des op\u00e9rations nous vivons comme si de rien n\u2019\u00e9tait, \u00e0 un endroit ou un autre, complices d\u2019une vie qui tol\u00e8re son pire ennemi. \u00ab\u00a0Les cancrelats \u00e0 coups de machette\u00bb de Fr\u00e9d\u00e9ric Paulin, \u00e9ditions Goater, parait dans la collection noir de cet \u00e9diteur. Est-ce un <\/span><\/span><\/span><span style=\"color: #000000;\"><span style=\"font-family: Helvetica, serif;\"><span style=\"font-size: small;\">r<\/span><\/span><\/span><span style=\"color: #000000;\"><span style=\"font-family: Helvetica, serif;\"><span style=\"font-size: small;\">oman policier, un document fruit d\u2019investigations et d\u2019enqu\u00eates tr\u00e8s serr\u00e9es? Le livre est tout cela \u00e0 la fois. Juste \u00e0 couper le souffle. Le 6 Avril 1994, les pr\u00e9sidents Burundais et rwandais sont victimes d\u2019un attentat. Pendant 100 jours plus de 800 000 Tutsis et Hutus mod\u00e9r\u00e9s sont ex\u00e9cut\u00e9s\u2026. \u00c0 coup de machette. <\/span><\/span><\/span><span style=\"color: #000000;\"><span style=\"font-family: Helvetica, serif;\"><span style=\"font-size: small;\">Avant m\u00eame que les armes fassent leur sinistre besogne, on sait que les mots, ici distill\u00e9s par les ext\u00e9rmistes hutus et en particulier par \u00ab\u00a0la radio des mille collines\u00a0\u00bb, sont coupables d\u2019assassinat. Il y a eu les youpins, les bougnoules, ici les tutsis sont des cafards, des cancrelats, condamn\u00e9s avant m\u00eame d\u2019exister.. <\/span><\/span><\/span><span style=\"color: #000000;\"><span style=\"font-family: Helvetica, serif;\"><span style=\"font-size: small;\">Quel r\u00f4le a jou\u00e9 La France gouvern\u00e9e \u00e0 gauche par Fran\u00e7ois Mitterand? Vraisemblablement celui d\u2019un puissance coloniale voulant \u00e0 n\u2019importe quel prix pr\u00e9server son influence dans la r\u00e9gion. Tous les indices, d\u00e9buts d\u2019enqu\u00eates ne laissent pas de place au doute.<\/span><\/span><\/span><\/p>\n<p><span style=\"color: #000000;\"><span style=\"font-family: Helvetica, serif;\"><span style=\"font-size: small;\">\u00abLes cancrelats \u00e0 coups de machette\u00a0\u00bb <\/span><\/span><\/span><span style=\"color: #000000;\"><span style=\"font-family: Helvetica, serif;\"><span style=\"font-size: small;\">racontent cette abomination et vont aussi plus loin. En plongeant dans l<\/span><\/span><\/span><span style=\"color: #000000;\"><span style=\"font-family: Helvetica, serif;\"><span style=\"font-size: small;\">e parcours <\/span><\/span><\/span><span style=\"color: #000000;\"><span style=\"font-family: Helvetica, serif;\"><span style=\"font-size: small;\"> d\u2019individus \u00e0 <\/span><\/span><\/span><span style=\"color: #000000;\"><span style=\"font-family: Helvetica, serif;\"><span style=\"font-size: small;\">part enti\u00e8re, le livre ne plonge pas seulement dans l\u2019horreur,il vient aussi casser la m\u00e9canique industrielle de l\u2019assassinat en s\u00e9rie. Fran\u00e7ois Gatama est boxeur, Dafrosa Rwigyema est son amoureuse. Fran\u00e7ois a le malheur de battre un boxeur Hutu pr\u00e9cis\u00e9ment le jour o\u00f9 il aurait fallu rester dans l\u2019ombre. Par miracle l\u2019un et l\u2019autre r\u00e9ussiront \u00e0 fuir. Vingt ans plus tard, on les retrouvera en France. Dafrosa apr\u00e8s des \u00e9pisodes dramatiques <\/span><\/span><\/span><span style=\"color: #000000;\"><span style=\"font-family: Helvetica, serif;\"><span style=\"font-size: small;\"> s\u2019est int\u00e9gr\u00e9<\/span><\/span><\/span><span style=\"color: #000000;\"><span style=\"font-family: Helvetica, serif;\"><span style=\"font-size: small;\">e<\/span><\/span><\/span><span style=\"color: #000000;\"><span style=\"font-family: Helvetica, serif;\"><span style=\"font-size: small;\"> du moins en apparence dans le tissu<\/span><\/span><\/span><span style=\"color: #000000;\"><span style=\"font-family: Helvetica, serif;\"><span style=\"font-size: small;\">s<\/span><\/span><\/span><span style=\"color: #000000;\"><span style=\"font-family: Helvetica, serif;\"><span style=\"font-size: small;\"> local. Fran\u00e7ois, on ne dira pas comment, se venge. Personne ne pourra dire, pas m\u00eame le meu<\/span><\/span><\/span><span style=\"color: #000000;\"><span style=\"font-family: Helvetica, serif;\"><span style=\"font-size: small;\">r<\/span><\/span><\/span><span style=\"color: #000000;\"><span style=\"font-family: Helvetica, serif;\"><span style=\"font-size: small;\">trier, que cette vengeance est la solution. Elle l\u2019est dans la seule mesure o\u00f9 son action entrainera sa propre mort. <\/span><\/span><\/span><\/p>\n<p><span style=\"color: #000000;\"><span style=\"font-family: Helvetica, serif;\"><span style=\"font-size: small;\">\u00abLes cancrelats \u00e0 coups de machette\u00bb sont le r\u00e9cit de cette impossibilit\u00e9 de survivre. Au sein m\u00eame de l\u2019horreur la plus glauque, de la l\u00e2chet\u00e9, de la soumission, de l\u2019inhumanit\u00e9, un homme nous parle de sa souffrance, de sa d\u00e9ch\u00e9ance, d\u2019une vie gangren\u00e9e <\/span><\/span><\/span><span style=\"color: #000000;\"><span style=\"font-family: Helvetica, serif;\"><span style=\"font-size: small;\">par le g\u00e9nocide. Gr\u00e2ce \u00e0 ce qui ressemble plus \u00e0 un sacrifice qu\u2019\u00e0 des meurtres en s\u00e9rie , il nous redonne fugitivement un instant de vie. Dafrosa et <\/span><\/span><\/span><span style=\"color: #000000;\"><span style=\"font-family: Helvetica, serif;\"><span style=\"font-size: small;\">F<\/span><\/span><\/span><span style=\"color: #000000;\"><span style=\"font-family: Helvetica, serif;\"><span style=\"font-size: small;\">ran\u00e7ois sont les h\u00e9ros de cette fiction. Raconter, imaginer ce qui se passe apr\u00e8s le d\u00e9sastre n\u2019est pas possible. La grandeur des survivants n\u2019est pas de se faire justice, mais d\u2019avoir le courage d\u2019<\/span><\/span><\/span><span style=\"color: #000000;\"><span style=\"font-family: Helvetica, serif;\"><span style=\"font-size: small;\">assumer cette impossibilit\u00e9, d<\/span><\/span><\/span><span style=\"color: #000000;\"><span style=\"font-family: Helvetica, serif;\"><span style=\"font-size: small;\">e t\u00e9moigner, de nous dire que la fatalit\u00e9 de l\u2019histoire n\u2019existe que parce que nous le voulons bien. Faire oeuvre d\u2019un cauchemar est une fa\u00e7on noble de ne pas totalement d\u00e9sesp\u00e9rer. Plut\u00f4t que de pleurer face \u00e0 la noirceur de l\u2019\u00e2me humaine, il devient alors possible de regarder en face notre ambivalence et, soyons fous, de prendre quelque distance <\/span><\/span><\/span><span style=\"color: #000000;\"><span style=\"font-family: Helvetica, serif;\"><span style=\"font-size: small;\">avec le pire.<\/span><\/span><\/span><\/p>\n<p><span style=\"color: #000000;\"><span style=\"font-family: Helvetica, serif;\"><span style=\"font-size: small;\">Fran\u00e7ois Bernheim<\/span><\/span><\/span><\/p>\n<p><b><span style=\"color: #000000;\"><span style=\"font-family: Helvetica, serif;\"><span style=\"font-size: small;\">\u00ab\u00a0Les cancrelats \u00e0 coups de machette\u00a0\u00bb<\/span><\/span><\/span><\/b><\/p>\n<p><b><span style=\"color: #000000;\"><span style=\"font-family: Helvetica, serif;\"><span style=\"font-size: small;\">de Fr\u00e9d\u00e9ric Paulin<\/span><\/span><\/span><\/b><\/p>\n<p><b><span style=\"color: #000000;\"><span style=\"font-family: Helvetica, serif;\"><span style=\"font-size: small;\">\u00e9ditions Goater<\/span><\/span><\/span><\/b><\/p>\n<p>&nbsp;<\/p>\n<p>&nbsp;<\/p>\n<p>&nbsp;<\/p>\n<p>&nbsp;<\/p>\n<p>&nbsp;<\/p>\n<p>&nbsp;<\/p>\n<p>&nbsp;<\/p>\n<p>&nbsp;<\/p>\n<p>&nbsp;<\/p>\n<p>&nbsp;<\/p>\n<p>&nbsp;<\/p>\n<p>&nbsp;<\/p>\n<p>&nbsp;<\/p>\n<p>&nbsp;<\/p>\n<p>&nbsp;<\/p>\n<p>&nbsp;<\/p>\n<p>&nbsp;<\/p>\n<p>&nbsp;<\/p>\n<p>&nbsp;<\/p>\n<p>&nbsp;<\/p>\n<p>&nbsp;<\/p>\n<p>&nbsp;<\/p>\n<p>&nbsp;<\/p>\n<p>&nbsp;<\/p>\n<p>&nbsp;<\/p>\n<p>&nbsp;<\/p>\n<p>&nbsp;<\/p>\n<p>&nbsp;<\/p>\n<p>&nbsp;<\/p>\n<p>&nbsp;<\/p>\n<p>&nbsp;<\/p>\n<p>&nbsp;<\/p>\n<p>&nbsp;<\/p>\n<p>&nbsp;<\/p>\n<p>&nbsp;<\/p>\n<p>&nbsp;<\/p>\n<p>&nbsp;<\/p>\n<p>&nbsp;<\/p>\n<p>&nbsp;<\/p>\n<p>&nbsp;<\/p>\n<p>&nbsp;<\/p>\n<p>&nbsp;<\/p>\n","protected":false},"excerpt":{"rendered":"<p>\u00a0 Un g\u00e9nocide peut-il faire l\u2019objet d\u2019une fiction? A cette question nous aurons le plus grand mal \u00e0 r\u00e9pondre. Le g\u00e9nocide est l\u2019acte inhumain absolu. Ceux qui lui \u00e9chappent sont sans doute pire que morts, \u00e0 tort ou \u00e0 raison comptables de cette n\u00e9gation de la vie. Nous qui n\u2019avons pas \u00e9t\u00e9 pr\u00e9sents sur le [&hellip;]<\/p>\n","protected":false},"author":1,"featured_media":10484,"comment_status":"open","ping_status":"open","sticky":false,"template":"","format":"standard","meta":[],"categories":[705,718,698,702],"tags":[1476,1475,208,384],"_links":{"self":[{"href":"http:\/\/cafaitdesordre.com\/blog\/wp-json\/wp\/v2\/posts\/10483"}],"collection":[{"href":"http:\/\/cafaitdesordre.com\/blog\/wp-json\/wp\/v2\/posts"}],"about":[{"href":"http:\/\/cafaitdesordre.com\/blog\/wp-json\/wp\/v2\/types\/post"}],"author":[{"embeddable":true,"href":"http:\/\/cafaitdesordre.com\/blog\/wp-json\/wp\/v2\/users\/1"}],"replies":[{"embeddable":true,"href":"http:\/\/cafaitdesordre.com\/blog\/wp-json\/wp\/v2\/comments?post=10483"}],"version-history":[{"count":1,"href":"http:\/\/cafaitdesordre.com\/blog\/wp-json\/wp\/v2\/posts\/10483\/revisions"}],"predecessor-version":[{"id":10485,"href":"http:\/\/cafaitdesordre.com\/blog\/wp-json\/wp\/v2\/posts\/10483\/revisions\/10485"}],"wp:featuredmedia":[{"embeddable":true,"href":"http:\/\/cafaitdesordre.com\/blog\/wp-json\/wp\/v2\/media\/10484"}],"wp:attachment":[{"href":"http:\/\/cafaitdesordre.com\/blog\/wp-json\/wp\/v2\/media?parent=10483"}],"wp:term":[{"taxonomy":"category","embeddable":true,"href":"http:\/\/cafaitdesordre.com\/blog\/wp-json\/wp\/v2\/categories?post=10483"},{"taxonomy":"post_tag","embeddable":true,"href":"http:\/\/cafaitdesordre.com\/blog\/wp-json\/wp\/v2\/tags?post=10483"}],"curies":[{"name":"wp","href":"https:\/\/api.w.org\/{rel}","templated":true}]}}