{"id":10451,"date":"2018-03-07T17:01:23","date_gmt":"2018-03-07T16:01:23","guid":{"rendered":"http:\/\/cafaitdesordre.com\/blog\/?p=10451"},"modified":"2018-03-19T15:18:31","modified_gmt":"2018-03-19T14:18:31","slug":"lettre-ouverte-dun-chien-battu-a-jacques-julliard","status":"publish","type":"post","link":"http:\/\/cafaitdesordre.com\/blog\/2018\/03\/lettre-ouverte-dun-chien-battu-a-jacques-julliard\/","title":{"rendered":"Lettre ouverte d\u2019un \u00ab chien battu \u00bb \u00e0 Jacques Julliard"},"content":{"rendered":"<div class=\"header section small-padding bg-dark bg-image\"><\/div>\n<div class=\"navigation section no-padding bg-dark\">\u00a0Notre ami Philippe Merlant n&rsquo;est ni chien ni battu, juste g\u00e9n\u00e9reux ,honn\u00eate et lucide<\/div>\n<div><\/div>\n<div class=\"navigation section no-padding bg-dark\"><strong>Dans Marianne du 19 janvier, Jacques Julliard signe un \u00e9ditorial o\u00f9 il parle de \u00abchiens battus\u00bb pour d\u00e9crire la situation o\u00f9 les hommes en seraient r\u00e9duits aujourd\u2019hui. J\u2019ai choisi, en tant que \u00abchien battu\u00bb, de lui r\u00e9pondre par cette lettre ouverte.<\/strong><span id=\"more-284\"><\/span><\/div>\n<div class=\"wrapper section medium-padding\">\n<div class=\"section-inner clear\">\n<div id=\"content\" class=\"content clear center\">\n<div id=\"post-284\" class=\"post-284 post type-post status-publish format-standard hentry category-uncategorized clear\">\n<div class=\"post-content clear\">\n<p>Monsieur Jacques Julliard<\/p>\n<p>Voil\u00e0 un an et demi, dans l\u2019un des \u00e9ditos nuanc\u00e9s dont vous avez le don, vous vous dressiez \u00ab\u00a0<em>Contre le parti collabo\u00a0<\/em>\u00bb (titre de l\u2019\u00e9ditorial de <em>Marianne<\/em> du 2 septembre 2016)\u00a0: c\u2019est sous cette appellation que vous aviez choisi de fustiger celles et ceux qui refusent les amalgames entre terrorisme et islam.<\/p>\n<p>Pour \u00eatre honn\u00eate, j\u2019ai quelques points communs avec eux. \u00ab\u00a0Agnostique convaincu\u00a0\u00bb (pour reprendre votre expression), je respecte les croyant.e.s tout en me m\u00e9fiant des croyances mais refuse de clouer au pilori l\u2019une d\u2019entre elles au pr\u00e9texte que son \u00ab\u00a0triomphe\u00a0\u00bb serait la cause de tous nos maux. Intellectuel, ou cherchant \u00e0 l\u2019\u00eatre (serait-ce une faiblesse, une erreur, \u00e0 vous lire\u00a0?), je pense qu\u2019il faut tenter d\u2019aller \u00e0 la racine des choses et j\u2019estime qu\u2019on peut effectivement trouver dans \u00ab\u00a0le pass\u00e9 colonial de la France\u00a0\u00bb, mais aussi dans l\u2019oubli qui entoure les \u00e9pisodes les plus douloureux de la guerre d\u2019Alg\u00e9rie ou dans les rapports n\u00e9o-colonialistes actuels, quelques racines \u00e0 la \u00ab\u00a0radicalisation\u00a0\u00bb d\u2019une partie de la jeunesse issue de l\u2019immigration.<\/p>\n<p>Dans le portrait que vous faites des \u00ab\u00a0collabos\u00a0\u00bb, il y a tout de m\u00eame certains traits o\u00f9 je ne me reconnais pas du tout. Ainsi, vous parlez de \u00ab\u00a0<em>ces matamores de la r\u00e9volte en chambre, de ces insoumis de Quartier latin, de ces hors-la-loi de plateaux t\u00e9l\u00e9\u00a0<\/em>\u00bb\u2026 Rassurez-vous\u00a0: journaliste depuis plus de 40 ans, je sais que rien ne vaut l\u2019enqu\u00eate de terrain et qu\u2019il faut, par exemple, si l\u2019on veut parler avec justesse de l\u2019islam et des jeunes des quartiers, s\u2019y int\u00e9resser, les rencontrer, les faire parler, les \u00e9couter\u2026 C\u2019est pourquoi je vis dans un quartier populaire (\u00e0 vous lire, je suppose que vous avez fait le m\u00eame choix et vous en f\u00e9licite\u00a0!), j\u2019ai mont\u00e9 voil\u00e0 pr\u00e8s de dix ans une formation gratuite au journalisme pour les jeunes des cit\u00e9s et m\u00e8ne aujourd\u2019hui des ateliers d\u2019\u00ab\u00a0\u00e9ducation aux m\u00e9dias\u00a0\u00bb dans de nombreuses banlieues d\u2019\u00cele-de-France. Rien \u00e0 voir, j\u2019esp\u00e8re, avec la \u00ab\u00a0l\u00e2chet\u00e9\u00a0\u00bb des \u00ab\u00a0collabos\u00a0\u00bb que vous d\u00e9nonciez dans votre \u00e9dito\u00a0?<\/p>\n<p>Monsieur Jacques Julliard.<\/p>\n<p>Une phrase avait retenu mon attention dans cet \u00e9dito de septembre 2016\u00a0: \u00ab\u00a0<em>Au pays de Georges Sand et de Simone de Beauvoir, c\u2019est le machisme et la r\u00e9duction de la femme \u00e0 l\u2019\u00e9tat de propri\u00e9t\u00e9 priv\u00e9e qui l\u2019emportent\u00a0<\/em>\u00bb. A lire ce passage, j\u2019aurais volontiers pens\u00e9 que nous partagions, vous et moi, le m\u00eame souci\u00a0: lutter pour que la mont\u00e9e en force de l\u2019int\u00e9grisme religieux ne s\u2019accompagne pas d\u2019un brutal retour en arri\u00e8re dans la longue marche \u2013 si tortueuse, si difficile, si contrecarr\u00e9e \u2013 vers l\u2019\u00e9galit\u00e9 entre les femmes et les hommes.<\/p>\n<p>Et c\u2019est vrai qu\u2019il y a du pain sur la planche. C\u2019est pour cela que je passe tant d\u2019heures chaque semaine, dans les \u00e9tablissements scolaires ou les centres sociaux des quartiers populaires, pour tenter de d\u00e9monter avec ces jeunes les \u00ab\u00a0st\u00e9r\u00e9otypes de genre\u00a0\u00bb. Et les jeunes femmes-jeunes filles que j\u2019y rencontre sont magnifiques, vous savez\u00a0: qu\u2019elles soient blondes ou noires, foulard\u00e9es ou les cheveux au vent, croyantes ou ath\u00e9es, \u00e9tudiantes ou ch\u00f4meuses, je les vois intelligentes et combattives dans leur volont\u00e9 d\u2019\u00e9chapper \u00e0 cette domination s\u00e9culaire.<\/p>\n<p>Et les jeunes gar\u00e7ons\u00a0? Beaucoup d\u2019ados, sans doute un peu paum\u00e9s face \u00e0 cette \u00e9volution des r\u00f4les, tentent de se raccrocher \u00e0 des croyances stupides et se murent derri\u00e8re un d\u00e9ni total de la r\u00e9alit\u00e9\u00a0: l\u2019autre jour, l\u2019un d\u2019eux me soutenait qu\u2019il y avait bien plus d\u2019hommes victimes de harc\u00e8lement sexuel de la part des femmes que l\u2019inverse. Rassurez-vous\u00a0: il s\u2019est vite attir\u00e9 les rires du reste de l\u2019atelier\u00a0!<\/p>\n<p>A lire votre \u00e9dito de septembre 2016, je vous aurais bien invit\u00e9 \u00e0 venir avec moi convaincre ces jeunes gar\u00e7ons de tourner le dos au \u00ab\u00a0<em>machisme et \u00e0 la r\u00e9duction de la femme \u00e0 l\u2019\u00e9tat de propri\u00e9t\u00e9 priv\u00e9e<\/em>\u00a0\u00bb. Nous aurions pu faire du bon boulot ensemble, non\u00a0? Du travail concret, sur le terrain, plut\u00f4t que de se contenter comme tant d\u2019autres de p\u00e9rorer dans les beaux quartiers et sur les plateaux t\u00e9l\u00e9 que vous semblez d\u00e9tester comme moi\u2026 H\u00e9las, depuis, je suis tomb\u00e9 sur un autre de vos \u00e9ditos, publi\u00e9 dans <em>Marianne<\/em> du 19 janvier 2018\u2026 et je dois vous dire que le doute m\u2019a saisi.<\/p>\n<p>Voil\u00e0 ce qu\u2019on peut lire dans cet \u00e9dito, le v\u00f4tre, monsieur Jacques Julliard\u00a0: \u00ab\u00a0<em>Il fallait bien que f\u00fbt oppos\u00e9 un hol\u00e0 \u00e0 tous les fantasmes castrateurs d\u2019un certain f\u00e9minisme qui finit par se dissoudre dans la haine des hommes. (\u2026) Que les hommes en soient r\u00e9duits \u00e0 se raccrocher au manifeste des 100, sign\u00e9 exclusivement par des femmes, en dit long sur la situation de chiens battus o\u00f9 les voil\u00e0 r\u00e9duits\u00a0!\u00a0<\/em>\u00bb L\u2019ensemble de ce num\u00e9ro de <em>Marianne<\/em> n\u2019est pas en reste\u00a0: alors que sa \u00ab\u00a0une\u00a0\u00bb titre \u00ab\u00a0<em>Lib\u00e9rons la parole des hommes\u00a0<\/em>\u00bb, un dossier d\u2019une dizaine de pages est \u00e9maill\u00e9 d\u2019une titraille dont voici quelques floril\u00e8ges\u00a0: \u00ab\u00a0<em>Tous se voient somm\u00e9s sans m\u00e9nagement de retenir leurs gestes, leurs mots, leurs regards m\u00eame pour rire\u00a0!\u00a0<\/em>\u00bb, \u00ab\u00a0<em>Clou\u00e9 au pilori\u00a0<\/em>\u00bb, \u00ab\u00a0<em>On est mis \u00e0 l\u2019index au moindre petit fait<\/em>\u00a0\u00bb, \u00ab\u00a0<em>Ambiance hyst\u00e9risante\u00a0<\/em>\u00bb, \u00ab\u00a0<em>C\u2019est liberticide\u00a0<\/em>\u00bb\u2026<\/p>\n<p>Alors je vous pose la question, monsieur Jacques Julliard\u00a0: si je vous invitais aujourd\u2019hui dans les ateliers que je m\u00e8ne en banlieue, iriez-vous jusqu\u2019\u00e0 encourager ces jeunes gar\u00e7ons un peu paum\u00e9s \u00e0 se r\u00e9volter contre la situation de \u00ab\u00a0<em>chiens battus o\u00f9 les voil\u00e0 r\u00e9duits<\/em>\u00a0\u00bb, \u00e0 se battre contre \u00ab\u00a0<em>les fantasmes castrateurs\u00a0<\/em>\u00bb et la \u00ab\u00a0<em>haine des hommes<\/em>\u00a0\u00bb dont ils seraient victimes de la part de leurs amies, de leurs copines, de leurs s\u0153urs, de leurs m\u00e8res\u00a0?<\/p>\n<p>Entendons-nous bien\u00a0: vous avez tout \u00e0 fait le droit de pr\u00e9f\u00e9rer le \u00ab\u00a0manifeste des 100\u00a0\u00bb (dont Catherine Deneuve) \u00e0 la r\u00e9ponse que leur ont faite une trentaine de f\u00e9ministes (dont Caroline de Haas). Je suis d\u2019un autre point de vue que le v\u00f4tre, mais cela fait partie du d\u00e9bat d\u2019opinion, n\u00e9cessaire \u00e0 la vitalit\u00e9 d\u00e9mocratique. L\u2019enjeu est ailleurs\u00a0: nous sommes, vous et moi, journalistes. Nous faisons donc profession des mots, et savons que ceux-ci ont un sens pr\u00e9cis, un poids, un impact sur les repr\u00e9sentations du monde que nous contribuons \u00e0 b\u00e2tir de notre plume.<\/p>\n<p>Alors je vous pose la question\u00a0: quel est le rapport au r\u00e9el dans la repr\u00e9sentation du monde qui sous-tend votre \u00e9dito\u00a0? Car o\u00f9 voyez-vous ces hommes qui seraient soudainement interdits de parole\u00a0? Personnellement, je n\u2019ai pas ressenti de \u00ab\u00a0haine des hommes\u00a0\u00bb dans la campagne #metoo, je n\u2019ai pas l\u2019impression d\u2019\u00eatre un \u00ab\u00a0chien battu\u00a0\u00bb, \u00ab\u00a0clou\u00e9 au pilori\u00a0\u00bb ou \u00ab\u00a0mis \u00e0 l\u2019index\u00a0\u00bb, je me sens libre de regarder des femmes ou de leur parler sans craindre la castration (m\u00eame symbolique). Et je connais des dizaines, sinon des centaines d\u2019hommes, qui le vivent comme moi\u00a0!<\/p>\n<p>Oui\u00a0: o\u00f9 est la r\u00e9alit\u00e9 dans tout cela\u00a0? Parfois, il convient de revenir aux faits, donc aux chiffres. Face au m\u00f4me qui pr\u00e9tendait que les hommes \u00e9taient les principales victimes du harc\u00e8lement sexuel, j\u2019ai sorti l\u2019enqu\u00eate r\u00e9alis\u00e9e en 2015 par l\u2019Ifop \u00e0 la demande du D\u00e9fenseur des droits\u00a0: une femme sur cinq a d\u00e9j\u00e0 \u00e9t\u00e9 victime de harc\u00e8lement sexuel au travail alors que les hommes y \u00e9chappent presque totalement. J\u2019ai aussi \u00e9voqu\u00e9 cette autre enqu\u00eate\u00a0: les femmes repr\u00e9sentent 96 % des 65 000 viols et tentatives de viols estim\u00e9s chaque ann\u00e9e.<\/p>\n<p>Alors pour vous\u00a0? Pour <em>Marianne\u00a0<\/em>? Quels chiffres choisir pour contrecarrer les mots, vos mots\u00a0? \u00c0 vrai dire, je n\u2019ai que l\u2019embarras du choix. Celui-ci, par exemple\u00a0: en France, parmi les 1 000 personnalit\u00e9s les plus m\u00e9diatis\u00e9es en 2017, 169 seulement \u00e9taient des femmes (selon l\u2019Observatoire annuel de la parit\u00e9 dans la presse), score en recul depuis plusieurs ann\u00e9es. Ou bien cet autre, \u00e9manant du CSA : 17\u00a0% des \u00ab\u00a0experts\u00a0\u00bb sollicit\u00e9s par les m\u00e9dias sont des femmes. Ou encore celui-l\u00e0, \u00e9manant encore du CSA en 2013\u00a0: le \u00ab\u00a0temps de parole pour les femmes dans les magazines de plateau\u00a0\u00bb ne repr\u00e9sente que 30\u00a0% du temps de parole total. O\u00f9 est le b\u00e2illonnement des hommes dans tout cela\u00a0?<\/p>\n<p>Bien s\u00fbr, dans l\u2019atelier o\u00f9 j\u2019intervenais, le jeune gar\u00e7on a commenc\u00e9 par mettre en doute les chiffres que j\u2019apportais. Je ne pense pas que vous feriez de m\u00eame\u00a0? Mais peut-\u00eatre, tout simplement, la r\u00e9alit\u00e9 que vous observez n\u2019est-elle pas la m\u00eame que la mienne\u00a0? Alors racontez-moi\u2026 Dites-moi les situations concr\u00e8tes o\u00f9 vous voyez aujourd\u2019hui des hommes priv\u00e9s de toute parole et r\u00e9duits \u00e0 l\u2019\u00e9tat de \u00ab\u00a0chiens battus\u00a0\u00bb\u2026 A d\u00e9faut de tels faits, de telles preuves, je serais enclin \u00e0 penser que vous ne faites que r\u00e9p\u00e9ter une man\u0153uvre \u00e9prouv\u00e9e depuis des si\u00e8cles par les dominants et leurs complices\u00a0: \u00e0 chaque fois que les opprim\u00e9.e.s commencent \u00e0 desserrer leurs cha\u00eenes, tenter de faire croire que ce sont eux\/elles qui sont devenu.e.s les oppresseur.e.s. Et cela dans le seul but de perp\u00e9tuer l\u2019oppression et la domination dont ils\/elles sont victimes.<\/p>\n<p>Veuillez croire, monsieur Jacques Julliard, \u00e0 mes sentiments confraternels, et n\u00e9anmoins sinc\u00e8res\u00a0: c\u2019est-\u00e0-dire oscillant entre la consternation, la tristesse et la col\u00e8re\u2026<\/p>\n<div id=\"atatags-370373-5aa00bc21762f\"><\/div>\n<div class=\"wpcnt\"><\/div>\n<div id=\"jp-post-flair\" class=\"sharedaddy sd-like-enabled sd-sharing-enabled\"><\/div>\n<\/div>\n<div class=\"post-meta-container clear\"><\/div>\n<\/div>\n<\/div>\n<\/div>\n<\/div>\n<div class=\"credits section bg-dark small-padding\"><\/div>\n","protected":false},"excerpt":{"rendered":"<p>\u00a0Notre ami Philippe Merlant n&rsquo;est ni chien ni battu, juste g\u00e9n\u00e9reux ,honn\u00eate et lucide Dans Marianne du 19 janvier, Jacques Julliard signe un \u00e9ditorial o\u00f9 il parle de \u00abchiens battus\u00bb pour d\u00e9crire la situation o\u00f9 les hommes en seraient r\u00e9duits aujourd\u2019hui. J\u2019ai choisi, en tant que \u00abchien battu\u00bb, de lui r\u00e9pondre par cette lettre ouverte. [&hellip;]<\/p>\n","protected":false},"author":1,"featured_media":10452,"comment_status":"open","ping_status":"open","sticky":false,"template":"","format":"standard","meta":[],"categories":[705,718,698,702],"tags":[343],"_links":{"self":[{"href":"http:\/\/cafaitdesordre.com\/blog\/wp-json\/wp\/v2\/posts\/10451"}],"collection":[{"href":"http:\/\/cafaitdesordre.com\/blog\/wp-json\/wp\/v2\/posts"}],"about":[{"href":"http:\/\/cafaitdesordre.com\/blog\/wp-json\/wp\/v2\/types\/post"}],"author":[{"embeddable":true,"href":"http:\/\/cafaitdesordre.com\/blog\/wp-json\/wp\/v2\/users\/1"}],"replies":[{"embeddable":true,"href":"http:\/\/cafaitdesordre.com\/blog\/wp-json\/wp\/v2\/comments?post=10451"}],"version-history":[{"count":5,"href":"http:\/\/cafaitdesordre.com\/blog\/wp-json\/wp\/v2\/posts\/10451\/revisions"}],"predecessor-version":[{"id":10467,"href":"http:\/\/cafaitdesordre.com\/blog\/wp-json\/wp\/v2\/posts\/10451\/revisions\/10467"}],"wp:featuredmedia":[{"embeddable":true,"href":"http:\/\/cafaitdesordre.com\/blog\/wp-json\/wp\/v2\/media\/10452"}],"wp:attachment":[{"href":"http:\/\/cafaitdesordre.com\/blog\/wp-json\/wp\/v2\/media?parent=10451"}],"wp:term":[{"taxonomy":"category","embeddable":true,"href":"http:\/\/cafaitdesordre.com\/blog\/wp-json\/wp\/v2\/categories?post=10451"},{"taxonomy":"post_tag","embeddable":true,"href":"http:\/\/cafaitdesordre.com\/blog\/wp-json\/wp\/v2\/tags?post=10451"}],"curies":[{"name":"wp","href":"https:\/\/api.w.org\/{rel}","templated":true}]}}